{"id":61422,"date":"2026-08-31T09:36:06","date_gmt":"2026-08-31T07:36:06","guid":{"rendered":"https:\/\/www.acof.it\/?p=61422"},"modified":"2026-08-31T09:36:06","modified_gmt":"2026-08-31T07:36:06","slug":"content-creator-esperti-di-ai-analisti-digitali-listituto-di-grafica-e-comunicazione-e-nel-futuro","status":"publish","type":"post","link":"https:\/\/www.acof.it\/it\/2026\/08\/31\/content-creator-esperti-di-ai-analisti-digitali-listituto-di-grafica-e-comunicazione-e-nel-futuro\/","title":{"rendered":"CONTENT CREATOR, ESPERTI DI AI, ANALISTI DIGITALI L\u2019ISTITUTO DI GRAFICA E COMUNICAZIONE \u00c8 NEL FUTURO"},"content":{"rendered":"<p><strong><em>Uno degli indirizzi superiori pi\u00f9 storici di ACOF Olga Fiorini si aggiorna profondamente per formare i professionisti della comunicazione richiesti dalle aziende. Predisposti quattro nuovi laboratori digitali per insegnare a ideare e gestire contenuti per le piattaforme, realizzare animazioni coinvolgenti, progettare siti e app efficaci ed esaminare i dati da mettere a frutto nel marketing e nella ricerca. I direttori Mauro e Cinzia Ghisellini: <\/em><\/strong><strong><em>\u00abInnoviamo con lo stesso spirito di 70 anni fa, per stare al passo coi tempi\u00bb<\/em><\/strong><\/p>\n<p>BUSTO ARSIZIO \u2013 L\u2019innovazione \u00e8 una costante, da sempre, in tutti gli indirizzi di ACOF. Ma il salto verso il futuro compiuto questa estate dall\u2019Istituto tecnico di Grafica e Comunicazione \u201cOlga Fiorini\u201d \u00e8 davvero marcato e significativo. Una delle scuole superiori pi\u00f9 antiche della struttura educativa diretta da Mauro e Cinzia Ghisellini si avvicina infatti alla ripresa delle lezioni con un programma profondamente riformato.<\/p>\n<p>\u00abIl percorso di studi \u00e8 stato ripensato per rispondere alle trasformazioni del mondo della comunicazione digitale e offrire agli studenti competenze immediatamente spendibili nel mercato del lavoro\u00bb, spiega Filippo Cova, coordinatore dell\u2019istituto e responsabile del dipartimento discipline STEM. \u00abLe aziende del settore creativo e digitale formulano richieste di professionisti che siano preparati a gestire i moderni strumenti di comunicazione e noi ci siamo strutturati per rispondere a questo loro appello\u00bb.<\/p>\n<p>La riforma messa a punto nelle aule di via Varzi a Busto Arsizio si pu\u00f2 riassumere nei quattro nuovi laboratori professionalizzanti che metteranno i giovani nelle condizioni di essere adeguatamente preparati.<\/p>\n<p>Si comincia da un ambito di \u201cContent Creation &amp; Social Media Management\u201d, indirizzato all\u2019ideazione, alla produzione e alla gestione dei contenuti sui social. Aziende e liberi professionisti cercano figure che li sappiano guidare nella giungla sempre pi\u00f9 competitiva delle campagne pubblicitarie e degli algoritmi, cos\u00ec ACOF ha scelto di specializzarsi ulteriormente in questo tipo di materia.<\/p>\n<p>Ma non solo. Post, storie e reel, per farsi largo, devono essere non soltanto efficaci, ma anche di altissima qualit\u00e0, ed \u00e8 da questo presupposto che ha preso forma il laboratorio di \u201cAnimazione Digitale &amp; Motion Design\u201d, utile a fornire le competenze per elaborare video in movimento accattivanti e coinvolgenti<\/p>\n<p>Lo spazio formativo di \u201cUI\/UX Design\u201d \u00e8 invece votato ad addestrare i giovani nella progettazione di interfacce digitali intuitive e piacevoli da usare, proprio perch\u00e9 molto spesso gli investitori chiedono ai professionisti del settore di sviluppare per loro dei siti e delle app che siano moderne e adatte al proprio pubblico.<\/p>\n<p>Chi si \u00e8 iscritto all\u2019Istituto tecnico di Grafica e Comunicazione avr\u00e0 infine modo di prendere confidenza con la \u201cData Visualization &amp; Analysis\u201d, ricevendo nozioni e strumenti per trasformare numeri e dati complessi in immagini chiare e comunicative, sempre pi\u00f9 necessarie nel settore del marketing e della ricerca.<\/p>\n<p>\u00abAccanto a queste novit\u00e0 \u2013 precisa Filippo Cova &#8211; l&#8217;indirizzo introduce fin dal primo biennio un laboratorio dedicato all&#8217;uso consapevole dell&#8217;Intelligenza Artificiale, applicata al metodo di studio: gli studenti imparano da subito a utilizzare questi strumenti in modo critico ed efficace, sviluppando capacit\u00e0 di analisi e autonomia di pensiero, non dipendenza dalla tecnologia. Il piano orario \u00e8 stato riequilibrato per garantire coerenza con le pi\u00f9 recenti indicazioni ministeriali, offrendo un percorso aggiornato, solido e al passo con i tempi\u00bb.<\/p>\n<p>\u00abIl nostro intento \u2013 spiegano i direttori Mauro e Cinzia Ghisellini \u2013 \u00e8 quello di offrire una formazione fondata sulla concretezza e pronta a rispondere alle sfide del futuro. Il mondo cambia e anche la scuola deve farlo. La comunicazione digitale \u00e8 irrinunciabile e continua ad evolversi, per questo abbiamo deciso di impostare un percorso educativo completamente rinnovato nel nostro istituto tecnico, investendo in materie e competenze che per i ragazzi sono ormai pane quotidiano e che anche i docenti devono assolutamente governare, attraverso un lavoro di costante aggiornamento. Lo spirito con cui agiamo \u00e8 lo stesso da cui ACOF prese le mosse ormai 70 anni fa, affrontando giorno per giorno i cambiamenti, senza esitazioni\u00bb.<\/p>\n\n\t\t\t<style type='text\/css'>\n\t\t\t\t#gallery-1 {\n\t\t\t\t\tmargin: auto;\n\t\t\t\t}\n\t\t\t\t#gallery-1 .gallery-item {\n\t\t\t\t\tfloat: left;\n\t\t\t\t\tmargin-top: 10px;\n\t\t\t\t\ttext-align: center;\n\t\t\t\t\twidth: 33%;\n\t\t\t\t}\n\t\t\t\t#gallery-1 img {\n\t\t\t\t\tborder: 2px solid #cfcfcf;\n\t\t\t\t}\n\t\t\t\t#gallery-1 .gallery-caption {\n\t\t\t\t\tmargin-left: 0;\n\t\t\t\t}\n\t\t\t\t\/* see gallery_shortcode() in wp-includes\/media.php *\/\n\t\t\t<\/style>\n\t\t<div id='gallery-1' class='dt-gallery-container gallery galleryid-61422 gallery-columns-3 gallery-size-large'><dl class='gallery-item'>\n\t\t\t\t<dt class='gallery-icon landscape'>\n\t\t\t\t\t<a class=\"rollover\" href='https:\/\/www.acof.it\/it\/2026\/08\/31\/content-creator-esperti-di-ai-analisti-digitali-listituto-di-grafica-e-comunicazione-e-nel-futuro\/foto3\/'><img fetchpriority=\"high\" decoding=\"async\" width=\"1024\" height=\"683\" src=\"https:\/\/www.acof.it\/wp-content\/uploads\/2026\/08\/Foto3-1024x683.jpeg\" class=\"attachment-large size-large\" alt=\"\" srcset=\"https:\/\/www.acof.it\/wp-content\/uploads\/2026\/08\/Foto3-1024x683.jpeg 1024w, https:\/\/www.acof.it\/wp-content\/uploads\/2026\/08\/Foto3-300x200.jpeg 300w, https:\/\/www.acof.it\/wp-content\/uploads\/2026\/08\/Foto3-768x512.jpeg 768w, https:\/\/www.acof.it\/wp-content\/uploads\/2026\/08\/Foto3.jpeg 1536w\" sizes=\"(max-width: 1024px) 100vw, 1024px\" \/><\/a>\n\t\t\t\t<\/dt><\/dl><dl class='gallery-item'>\n\t\t\t\t<dt class='gallery-icon landscape'>\n\t\t\t\t\t<a class=\"rollover\" href='https:\/\/www.acof.it\/it\/2026\/08\/31\/content-creator-esperti-di-ai-analisti-digitali-listituto-di-grafica-e-comunicazione-e-nel-futuro\/foto2\/'><img decoding=\"async\" width=\"1024\" height=\"683\" src=\"https:\/\/www.acof.it\/wp-content\/uploads\/2026\/08\/Foto2-1024x683.jpeg\" class=\"attachment-large size-large\" alt=\"\" srcset=\"https:\/\/www.acof.it\/wp-content\/uploads\/2026\/08\/Foto2-1024x683.jpeg 1024w, https:\/\/www.acof.it\/wp-content\/uploads\/2026\/08\/Foto2-300x200.jpeg 300w, https:\/\/www.acof.it\/wp-content\/uploads\/2026\/08\/Foto2-768x512.jpeg 768w, https:\/\/www.acof.it\/wp-content\/uploads\/2026\/08\/Foto2.jpeg 1536w\" sizes=\"(max-width: 1024px) 100vw, 1024px\" \/><\/a>\n\t\t\t\t<\/dt><\/dl><dl class='gallery-item'>\n\t\t\t\t<dt class='gallery-icon landscape'>\n\t\t\t\t\t<a class=\"rollover\" href='https:\/\/www.acof.it\/it\/2026\/08\/31\/content-creator-esperti-di-ai-analisti-digitali-listituto-di-grafica-e-comunicazione-e-nel-futuro\/foto1\/'><img decoding=\"async\" width=\"1024\" height=\"768\" src=\"https:\/\/www.acof.it\/wp-content\/uploads\/2026\/08\/Foto1-1024x768.jpeg\" class=\"attachment-large size-large\" alt=\"\" srcset=\"https:\/\/www.acof.it\/wp-content\/uploads\/2026\/08\/Foto1-1024x768.jpeg 1024w, https:\/\/www.acof.it\/wp-content\/uploads\/2026\/08\/Foto1-300x225.jpeg 300w, https:\/\/www.acof.it\/wp-content\/uploads\/2026\/08\/Foto1-768x576.jpeg 768w, https:\/\/www.acof.it\/wp-content\/uploads\/2026\/08\/Foto1.jpeg 1448w\" sizes=\"(max-width: 1024px) 100vw, 1024px\" \/><\/a>\n\t\t\t\t<\/dt><\/dl><br style=\"clear: both\" \/><dl class='gallery-item'>\n\t\t\t\t<dt class='gallery-icon landscape'>\n\t\t\t\t\t<a class=\"rollover\" href='https:\/\/www.acof.it\/it\/2026\/08\/31\/content-creator-esperti-di-ai-analisti-digitali-listituto-di-grafica-e-comunicazione-e-nel-futuro\/attachment\/1000183080\/'><img loading=\"lazy\" decoding=\"async\" width=\"1024\" height=\"819\" src=\"https:\/\/www.acof.it\/wp-content\/uploads\/2026\/08\/1000183080-1024x819.png\" class=\"attachment-large size-large\" alt=\"\" srcset=\"https:\/\/www.acof.it\/wp-content\/uploads\/2026\/08\/1000183080-1024x819.png 1024w, https:\/\/www.acof.it\/wp-content\/uploads\/2026\/08\/1000183080-300x240.png 300w, https:\/\/www.acof.it\/wp-content\/uploads\/2026\/08\/1000183080-768x614.png 768w, https:\/\/www.acof.it\/wp-content\/uploads\/2026\/08\/1000183080.png 1280w\" sizes=\"(max-width: 1024px) 100vw, 1024px\" \/><\/a>\n\t\t\t\t<\/dt><\/dl><dl class='gallery-item'>\n\t\t\t\t<dt class='gallery-icon portrait'>\n\t\t\t\t\t<a class=\"rollover\" href='https:\/\/www.acof.it\/it\/2026\/08\/31\/content-creator-esperti-di-ai-analisti-digitali-listituto-di-grafica-e-comunicazione-e-nel-futuro\/attachment\/1000183076\/'><img loading=\"lazy\" decoding=\"async\" width=\"819\" height=\"1024\" src=\"https:\/\/www.acof.it\/wp-content\/uploads\/2026\/08\/1000183076-819x1024.png\" class=\"attachment-large size-large\" alt=\"\" srcset=\"https:\/\/www.acof.it\/wp-content\/uploads\/2026\/08\/1000183076-819x1024.png 819w, https:\/\/www.acof.it\/wp-content\/uploads\/2026\/08\/1000183076-240x300.png 240w, https:\/\/www.acof.it\/wp-content\/uploads\/2026\/08\/1000183076-768x960.png 768w, https:\/\/www.acof.it\/wp-content\/uploads\/2026\/08\/1000183076.png 1024w\" sizes=\"(max-width: 819px) 100vw, 819px\" \/><\/a>\n\t\t\t\t<\/dt><\/dl>\n\t\t\t\t<br style='clear: both' \/>\n\t\t\t<\/div>\n\n","protected":false},"excerpt":{"rendered":"<p>Uno degli indirizzi superiori pi\u00f9 storici di ACOF Olga Fiorini si aggiorna profondamente per formare i professionisti della comunicazione richiesti dalle aziende. Predisposti quattro nuovi laboratori digitali per insegnare a ideare e gestire contenuti per le piattaforme, realizzare animazioni coinvolgenti, progettare siti e app efficaci ed esaminare i dati da mettere a frutto nel marketing&hellip;<\/p>\n","protected":false},"author":16,"featured_media":61425,"comment_status":"closed","ping_status":"closed","sticky":false,"template":"","format":"standard","meta":{"_acf_changed":false,"rs_blank_template":"","rs_page_bg_color":"","slide_template_v7":"","footnotes":""},"categories":[90],"tags":[],"class_list":["post-61422","post","type-post","status-publish","format-standard","has-post-thumbnail","hentry","category-news","category-90","description-off"],"acf":[],"_links":{"self":[{"href":"https:\/\/www.acof.it\/it\/wp-json\/wp\/v2\/posts\/61422","targetHints":{"allow":["GET"]}}],"collection":[{"href":"https:\/\/www.acof.it\/it\/wp-json\/wp\/v2\/posts"}],"about":[{"href":"https:\/\/www.acof.it\/it\/wp-json\/wp\/v2\/types\/post"}],"author":[{"embeddable":true,"href":"https:\/\/www.acof.it\/it\/wp-json\/wp\/v2\/users\/16"}],"replies":[{"embeddable":true,"href":"https:\/\/www.acof.it\/it\/wp-json\/wp\/v2\/comments?post=61422"}],"version-history":[{"count":1,"href":"https:\/\/www.acof.it\/it\/wp-json\/wp\/v2\/posts\/61422\/revisions"}],"predecessor-version":[{"id":61427,"href":"https:\/\/www.acof.it\/it\/wp-json\/wp\/v2\/posts\/61422\/revisions\/61427"}],"wp:featuredmedia":[{"embeddable":true,"href":"https:\/\/www.acof.it\/it\/wp-json\/wp\/v2\/media\/61425"}],"wp:attachment":[{"href":"https:\/\/www.acof.it\/it\/wp-json\/wp\/v2\/media?parent=61422"}],"wp:term":[{"taxonomy":"category","embeddable":true,"href":"https:\/\/www.acof.it\/it\/wp-json\/wp\/v2\/categories?post=61422"},{"taxonomy":"post_tag","embeddable":true,"href":"https:\/\/www.acof.it\/it\/wp-json\/wp\/v2\/tags?post=61422"}],"curies":[{"name":"wp","href":"https:\/\/api.w.org\/{rel}","templated":true}]}}